{"id":1998,"date":"2025-06-26T10:53:34","date_gmt":"2025-06-26T10:53:34","guid":{"rendered":"https:\/\/www.juhannusvalkeat.fi\/new\/?p=1998"},"modified":"2025-06-26T10:53:36","modified_gmt":"2025-06-26T10:53:36","slug":"seurasaari-kiittaa","status":"publish","type":"post","link":"https:\/\/www.juhannusvalkeat.fi\/new\/seurasaari-kiittaa\/","title":{"rendered":"Seurasaari kiitt\u00e4\u00e4!"},"content":{"rendered":"\n<p>L\u00e4mmin kiitos Seurasaaressa juhannustaan viett\u00e4neille! Oli kerrassaan upeaa seurata yleis\u00f6n heitt\u00e4ytymist\u00e4 juhannuksen tunnelmaan. Vehre\u00e4 luonto ja valoisa kes\u00e4y\u00f6 olivat n\u00e4in osa juhannusvieraiden, esiintyjien ja yhteisty\u00f6kumppaneiden juhannuksen viettoa. V\u00e4ke\u00e4 saaressa oli l\u00e4hes 7000. Juhlan tuottoa k\u00e4yt\u00e4mme el\u00e4v\u00e4n kulttuuriperinn\u00f6n ja Seurasaaren hyv\u00e4ksi.<\/p>\n\n\n\n<p>Toivottavasti tapaamme ensi vuonna 19.6.2026! <\/p>\n","protected":false},"excerpt":{"rendered":"<p>L\u00e4mmin kiitos Seurasaaressa juhannustaan viett\u00e4neille! Oli kerrassaan upeaa seurata yleis\u00f6n heitt\u00e4ytymist\u00e4 juhannuksen tunnelmaan. Vehre\u00e4 luonto ja valoisa kes\u00e4y\u00f6 olivat n\u00e4in osa juhannusvieraiden, esiintyjien ja yhteisty\u00f6kumppaneiden juhannuksen viettoa. V\u00e4ke\u00e4 saaressa oli l\u00e4hes 7000. Juhlan tuottoa k\u00e4yt\u00e4mme el\u00e4v\u00e4n kulttuuriperinn\u00f6n ja Seurasaaren hyv\u00e4ksi. Toivottavasti tapaamme ensi vuonna 19.6.2026!<\/p>\n","protected":false},"author":5,"featured_media":1978,"comment_status":"open","ping_status":"open","sticky":false,"template":"","format":"standard","meta":{"_et_pb_use_builder":"","_et_pb_old_content":"","_et_gb_content_width":"","footnotes":""},"categories":[1],"tags":[],"class_list":["post-1998","post","type-post","status-publish","format-standard","has-post-thumbnail","hentry","category-uncategorized-fi"],"_links":{"self":[{"href":"https:\/\/www.juhannusvalkeat.fi\/new\/wp-json\/wp\/v2\/posts\/1998","targetHints":{"allow":["GET"]}}],"collection":[{"href":"https:\/\/www.juhannusvalkeat.fi\/new\/wp-json\/wp\/v2\/posts"}],"about":[{"href":"https:\/\/www.juhannusvalkeat.fi\/new\/wp-json\/wp\/v2\/types\/post"}],"author":[{"embeddable":true,"href":"https:\/\/www.juhannusvalkeat.fi\/new\/wp-json\/wp\/v2\/users\/5"}],"replies":[{"embeddable":true,"href":"https:\/\/www.juhannusvalkeat.fi\/new\/wp-json\/wp\/v2\/comments?post=1998"}],"version-history":[{"count":1,"href":"https:\/\/www.juhannusvalkeat.fi\/new\/wp-json\/wp\/v2\/posts\/1998\/revisions"}],"predecessor-version":[{"id":1999,"href":"https:\/\/www.juhannusvalkeat.fi\/new\/wp-json\/wp\/v2\/posts\/1998\/revisions\/1999"}],"wp:featuredmedia":[{"embeddable":true,"href":"https:\/\/www.juhannusvalkeat.fi\/new\/wp-json\/wp\/v2\/media\/1978"}],"wp:attachment":[{"href":"https:\/\/www.juhannusvalkeat.fi\/new\/wp-json\/wp\/v2\/media?parent=1998"}],"wp:term":[{"taxonomy":"category","embeddable":true,"href":"https:\/\/www.juhannusvalkeat.fi\/new\/wp-json\/wp\/v2\/categories?post=1998"},{"taxonomy":"post_tag","embeddable":true,"href":"https:\/\/www.juhannusvalkeat.fi\/new\/wp-json\/wp\/v2\/tags?post=1998"}],"curies":[{"name":"wp","href":"https:\/\/api.w.org\/{rel}","templated":true}]}}